{"id":5448,"date":"2017-03-16T11:49:02","date_gmt":"2017-03-16T11:49:02","guid":{"rendered":"https:\/\/mamimaja.si\/?p=5448"},"modified":"2026-02-09T17:02:00","modified_gmt":"2026-02-09T17:02:00","slug":"2017-03-16-ivf-ii-tudi-tokrat-nam-ni-bilo-usojeno","status":"publish","type":"post","link":"https:\/\/mamimaja.si\/sl\/2017-03-16-ivf-ii-tudi-tokrat-nam-ni-bilo-usojeno\/","title":{"rendered":"IVF II: Tudi tokrat nam ni bilo\u00a0usojeno"},"content":{"rendered":"<p>Ni bilo \u010disto nobenih simptomov, vedela sem, da je v maternici ti\u0161ina, menstruacija pa je pri\u0161la \u0161e nekaj dni prej, kot sem jo pri\u010dakovala. Nisem bila razo\u010darana nad izidom, kajti nisem pri\u010dakovala kaj drugega. Ta ciklus, ta postopek je bil pravzaprav stran vr\u017een. Ne vem kaj ali kdo je bil za to odgovoren, ampak definitivno se ni iz\u0161lo tako, kot sem si zamislila, niti pribli\u017eno ne.<\/p>\n\n\n<div class=\"wp-block-image\">\n<figure class=\"aligncenter\"><img decoding=\"async\" src=\"https:\/\/mamimaja.wordpress.com\/wp-content\/uploads\/2018\/02\/35808c94a7659b967a22fd51d0434607f845a8bca2975fb62b5c4d8fbba82a95.jpg?w=543&amp;h=451\" alt=\"35808c94a7659b967a22fd51d0434607f845a8bca2975fb62b5c4d8fbba82a95.jpg\" class=\"wp-image-8038\"\/><\/figure>\n<\/div>\n\n\n<p>Ko dam enkrat \u010dez tiste za\u010detne misli, da mogo\u010de pa bo kaj iz tega in se postavim na realna tla, poslu\u0161am samo sebe, vem kako naprej. In tako je bilo tudi tokrat.\u00a0<strong>Mirno sem sprejela, da nam tudi ta otrok ni bil usojen<\/strong>\u00a0in da nas \u010daka drugi, samo malo bomo morali nanj \u0161e po\u010dakati. O\u010ditno moram imeti otroka 3 leta narazen\u2026\u00a0\ud83d\ude42<\/p>\n\n\n\n<p>\u010cez poletje bomo tako u\u017eivali, zaenkrat \u0161e kot 3-\u010dlanska dru\u017eina, leto 2018 pa bo tisto tapravo. \u017de zdaj se bom pozanimala pri dr. Banovi \u2013 kdaj se lahko naro\u010dim k njej, ker tako ali tako naj kak\u0161ne 3 mesece ne bi \u0161la v nov postopek, od 15.7. do 15.8. ne delajo, zato bi rada \u0161tartala enkrat septembra. Vsekakor se bova imeli veliko za pogovoriti \u2013 predvsem o izjemno slabih rezultatih tega postopka in o novi terapiji oz. protokolu.<\/p>\n\n\n\n<p>\u2014>\u00a0<a href=\"https:\/\/mamimaja.si\/sl\/category\/najina-ivf-zgodba\/1-ivf-postopek\/\">NAJIN 1. IVF POSTOPEK<\/a><\/p>\n\n\n\n<p>\u2014&gt;&nbsp;<a href=\"https:\/\/mamimaja.si\/sl\/2017\/10\/03\/ivf-iii-v-tretje-gre-rado-pravijo\/\">NAJIN 3. IVF POSTOPEK<\/a><\/p>\n\n\n\n<p>\u2014>\u00a0<a href=\"https:\/\/mamimaja.si\/sl\/category\/najina-ivf-zgodba\/4-ivf-postopek\/\">NAJIN 4. IVF POSTOPEK<\/a><\/p>\n\n\n\n<p>\u2014>\u00a0<a href=\"https:\/\/mamimaja.si\/sl\/2019\/03\/01\/ivf-iv-2-sprejem-in-prvi-uz\/\">NAJIN 4.\/2 IVF POSTOPEK<\/a><\/p>","protected":false},"excerpt":{"rendered":"<p>Ni bilo \u010disto nobenih simptomov, vedela sem, da je v maternici ti\u0161ina, menstruacija pa je pri\u0161la \u0161e nekaj dni prej, kot sem jo pri\u010dakovala. Nisem bila razo\u010darana nad izidom, kajti nisem pri\u010dakovala kaj drugega. Ta ciklus, ta postopek je bil pravzaprav stran vr\u017een. Ne vem kaj ali kdo je bil za to odgovoren, ampak definitivno se ni iz\u0161lo tako, kot sem si zamislila, niti pribli\u017eno ne.<\/p>","protected":false},"author":2,"featured_media":0,"comment_status":"open","ping_status":"open","sticky":false,"template":"","format":"standard","meta":{"_seopress_robots_primary_cat":"none","_seopress_titles_title":"","_seopress_titles_desc":"","_seopress_robots_index":"","footnotes":""},"categories":[36,25],"tags":[],"class_list":["post-5448","post","type-post","status-publish","format-standard","hentry","category-2-ivf-postopek","category-najina-ivf-zgodba"],"_links":{"self":[{"href":"https:\/\/mamimaja.si\/sl\/wp-json\/wp\/v2\/posts\/5448","targetHints":{"allow":["GET"]}}],"collection":[{"href":"https:\/\/mamimaja.si\/sl\/wp-json\/wp\/v2\/posts"}],"about":[{"href":"https:\/\/mamimaja.si\/sl\/wp-json\/wp\/v2\/types\/post"}],"author":[{"embeddable":true,"href":"https:\/\/mamimaja.si\/sl\/wp-json\/wp\/v2\/users\/2"}],"replies":[{"embeddable":true,"href":"https:\/\/mamimaja.si\/sl\/wp-json\/wp\/v2\/comments?post=5448"}],"version-history":[{"count":2,"href":"https:\/\/mamimaja.si\/sl\/wp-json\/wp\/v2\/posts\/5448\/revisions"}],"predecessor-version":[{"id":5469,"href":"https:\/\/mamimaja.si\/sl\/wp-json\/wp\/v2\/posts\/5448\/revisions\/5469"}],"wp:attachment":[{"href":"https:\/\/mamimaja.si\/sl\/wp-json\/wp\/v2\/media?parent=5448"}],"wp:term":[{"taxonomy":"category","embeddable":true,"href":"https:\/\/mamimaja.si\/sl\/wp-json\/wp\/v2\/categories?post=5448"},{"taxonomy":"post_tag","embeddable":true,"href":"https:\/\/mamimaja.si\/sl\/wp-json\/wp\/v2\/tags?post=5448"}],"curies":[{"name":"wp","href":"https:\/\/api.w.org\/{rel}","templated":true}]}}